{"id":11088,"date":"2020-05-07T11:34:39","date_gmt":"2020-05-07T10:34:39","guid":{"rendered":"http:\/\/www.lavidaenrojiblanco.com\/?p=11088"},"modified":"2021-04-09T13:26:05","modified_gmt":"2021-04-09T13:26:05","slug":"7-de-mayo-del-2000","status":"publish","type":"post","link":"https:\/\/joseluispineda.es\/index.php\/2020\/05\/07\/7-de-mayo-del-2000\/","title":{"rendered":"7 de mayo del 2000"},"content":{"rendered":"\n<p>Nuestra memoria filtra y archiva de una manera misteriosa. Somos incapaces de recordar cosas que sucedieron hace dos semanas y sin embargo, d\u00edas de hace veinte a\u00f1os se revelan de repente como cotidianos. Me sucede cada vez que Javi V\u00e9lez comparte una foto de la que justamente hoy se cumplen dos d\u00e9cadas. En ella se puede ver la grada del viejo Carlos Tartiere, un exiguo rinconcito en el que estamos apenas un centenar de hinchas del Atl\u00e9tico de Madrid, algunos recogiendo o colocando las banderas, algunos lanzando el \u00faltimo aliento, la mayor\u00eda desolados, cabizbajos. Es una foto ic\u00f3nica, dir\u00eda hist\u00f3rica. Imagino que para la mayor\u00eda, incluido yo, la m\u00e1s viva representaci\u00f3n de la tragedia futbol\u00edstica fue Lisboa, que tuvo una reedici\u00f3n terrible en Mil\u00e1n, pero antes que todo eso estuvo Oviedo y aquella foto nos explica a algunos, explica tambi\u00e9n el camino que hay entre el entonces y el ahora, y convendr\u00eda recordarla cada tanto por aquellos que aparecemos en ella o quienes vivieron en la distancia. Tambi\u00e9n por los que ni siquiera hab\u00edan nacido.<\/p>\n\n\n\n<figure class=\"wp-block-image size-large\"><img decoding=\"async\" src=\"http:\/\/www.lavidaenrojiblanco.com\/wp-content\/uploads\/2020\/04\/oviedo.jpeg\" alt=\"\" class=\"wp-image-11087\"\/><\/figure>\n\n\n\n<p>Era la primera vez en la historia de nuestra generaci\u00f3n, tambi\u00e9n en la de nuestros padres, o sea, en casi la historia entera, en la que el Atl\u00e9tico de Madrid se jugaba en un partido la posibilidad de descender de categor\u00eda. Por primera vez, pod\u00eda suceder algo completamente inimaginable hasta hac\u00eda siquiera dos semanas, hasta incluso despu\u00e9s de que se produjera: si hab\u00eda derrota, el Atleti ser\u00eda equipo de Segunda Divisi\u00f3n. La justificaci\u00f3n de nuestro grupo para hacer aquel proceloso viaje fue simple: va a se el peor momento de la historia del Atleti y es justo en ese momento el que nosotros debemos estar. Tal vez para no sentirnos tan confundidos como lo est\u00e1bamos, tal vez para poder escribir estas l\u00edneas veinte a\u00f1os despu\u00e9s, cuando las cosas son afortunadamente tan distintas.<\/p>\n\n\n\n<p>Aquel fin de semana yo fui de Madrid a C\u00f3rdoba el viernes y regres\u00e9 de C\u00f3rdoba a Madrid el s\u00e1bado. El domingo, muy temprano, salimos en dos autobuses desde el Vicente Calder\u00f3n. Fue un d\u00eda gris, de lloviznas y de silencios, un entierro de noviembre en mayo al que todos acud\u00edamos con cierta incredulidad, con una resignaci\u00f3n obligada. Un partido al que no hubo problema alguno para conseguir entradas, la cr\u00f3nica de una muerte anunciada a la que todos asistimos at\u00f3nitos pero tranquilos, tristes y alegres, derrotados y orgullosos. Descendimos y nos dirigimos a aquel infierno desconocido. El d\u00eda que se abri\u00f3 la puerta de aquello el Atleti no estuvo solo, hab\u00eda ya un centenar de personas esper\u00e1ndolo. En seguida hubo una legi\u00f3n para demostrar al mundo que en este barco nadie abandona en los naufragios. Los que viajamos juntos aquel funesto siete de mayo lucimos durante un tiempo una camiseta con un lema que nos gustaba mucho: \u201cEstuvimos en las malas, las buenas ya van a venir\u201d. Y vinieron, vaya que si vinieron, sobre todo gracias a un argentino -tal vez el aroma de la frase de nuestras camisetas no era casual-. Disfrutemos de las buenas, ojal\u00e1 no se vayan nunca, pero por si acaso, echemos de cuando en cuando la vista atr\u00e1s. Miremos la foto, recordemos el cielo plomizo, y el silencio. Y sint\u00e1monos orgullosos de lo que somos.<\/p>\n","protected":false},"excerpt":{"rendered":"<p>Nuestra memoria filtra y archiva de una manera misteriosa. Somos incapaces de recordar cosas que sucedieron hace dos semanas y sin embargo, d\u00edas de hace veinte a\u00f1os se revelan de repente como cotidianos. Me sucede cada vez que Javi V\u00e9lez comparte una foto de la que justamente hoy se cumplen dos d\u00e9cadas. En ella se puede ver la grada del viejo Carlos Tartiere, un exiguo rinconcito en el que estamos apenas un centenar de hinchas del Atl\u00e9tico de Madrid, algunos recogiendo o colocando las banderas, algunos lanzando el \u00faltimo aliento, la mayor\u00eda desolados, cabizbajos. Es una foto ic\u00f3nica, dir\u00eda hist\u00f3rica. <\/p>\n","protected":false},"author":1,"featured_media":11252,"comment_status":"open","ping_status":"open","sticky":false,"template":"","format":"standard","meta":{"_jetpack_memberships_contains_paid_content":false,"footnotes":""},"categories":[20],"tags":[18],"class_list":["post-11088","post","type-post","status-publish","format-standard","has-post-thumbnail","hentry","category-articulos","tag-atleti","has_thumb"],"jetpack_featured_media_url":"https:\/\/joseluispineda.es\/wp-content\/uploads\/2021\/04\/oviedo.jpeg","jetpack_sharing_enabled":true,"_links":{"self":[{"href":"https:\/\/joseluispineda.es\/index.php\/wp-json\/wp\/v2\/posts\/11088","targetHints":{"allow":["GET"]}}],"collection":[{"href":"https:\/\/joseluispineda.es\/index.php\/wp-json\/wp\/v2\/posts"}],"about":[{"href":"https:\/\/joseluispineda.es\/index.php\/wp-json\/wp\/v2\/types\/post"}],"author":[{"embeddable":true,"href":"https:\/\/joseluispineda.es\/index.php\/wp-json\/wp\/v2\/users\/1"}],"replies":[{"embeddable":true,"href":"https:\/\/joseluispineda.es\/index.php\/wp-json\/wp\/v2\/comments?post=11088"}],"version-history":[{"count":1,"href":"https:\/\/joseluispineda.es\/index.php\/wp-json\/wp\/v2\/posts\/11088\/revisions"}],"predecessor-version":[{"id":11253,"href":"https:\/\/joseluispineda.es\/index.php\/wp-json\/wp\/v2\/posts\/11088\/revisions\/11253"}],"wp:featuredmedia":[{"embeddable":true,"href":"https:\/\/joseluispineda.es\/index.php\/wp-json\/wp\/v2\/media\/11252"}],"wp:attachment":[{"href":"https:\/\/joseluispineda.es\/index.php\/wp-json\/wp\/v2\/media?parent=11088"}],"wp:term":[{"taxonomy":"category","embeddable":true,"href":"https:\/\/joseluispineda.es\/index.php\/wp-json\/wp\/v2\/categories?post=11088"},{"taxonomy":"post_tag","embeddable":true,"href":"https:\/\/joseluispineda.es\/index.php\/wp-json\/wp\/v2\/tags?post=11088"}],"curies":[{"name":"wp","href":"https:\/\/api.w.org\/{rel}","templated":true}]}}