{"id":11299,"date":"2020-10-02T18:01:00","date_gmt":"2020-10-02T18:01:00","guid":{"rendered":"http:\/\/joseluispineda.es\/?p=11299"},"modified":"2021-04-09T18:01:56","modified_gmt":"2021-04-09T18:01:56","slug":"te-llorare-de-veras","status":"publish","type":"post","link":"https:\/\/joseluispineda.es\/index.php\/2020\/10\/02\/te-llorare-de-veras\/","title":{"rendered":"Te llorar\u00e9 de veras"},"content":{"rendered":"\n<p>\u201cCuando mueras yo te llorar\u00e9 de veras. Yo me acercar\u00e9 hasta tu rostro transfigurado para besarte con desesperaci\u00f3n los labios en un \u00faltimo esfuerzo, lleno de presunci\u00f3n y de fe, por devolverte al mundo que te habr\u00e1 relegado. Yo me sentir\u00e9 herido en mi propia vida, y considerar\u00e9 mi historia partida en dos por ese momento tuyo definitivo. Yo cerrar\u00e9 tus reacios y sorprendidos ojos con mano amiga, y velar\u00e9 tu cad\u00e1ver emblanquecido y mutante durante toda la noche y la in\u00fatil aurora que no te habr\u00e1 conocido. Yo retirar\u00e9 tu almohada, yo tus s\u00e1banas humedecidas. Yo, incapaz de concebir la existencia sin tu presencia diaria, querr\u00e9 seguir sin dilaci\u00f3n tu pasos al contemplarte ex\u00e1nime. Yo ir\u00e9 a visitar tu tumba, y te hablar\u00e9 sin testigos en lo alto del cementerio tras haber ascendido por la pendiente y haberte mirado con amor y fatiga a trav\u00e9s de la piedra inscrita. Yo ver\u00e9 anticipada en la tuya mi propia muerte, yo ver\u00e9 mi retrato y entonces, al reconocerme en tus facciones r\u00edgidas, dejar\u00e9 de creer en la autenticidad de tu expiraci\u00f3n por dar \u00e9sta cuerpo y verosimilitud a la m\u00eda. Pues nadie est\u00e1 capacitado para imaginarse la muerte propia.\u201d<\/p>\n\n\n\n<p><strong>Javier Mar\u00edas<em> (\u201cEl hombre sentimental\u201d)<\/em><\/strong><\/p>\n","protected":false},"excerpt":{"rendered":"<p>\u201cCuando mueras yo te llorar\u00e9 de veras. Yo me acercar\u00e9 hasta tu rostro transfigurado para besarte con desesperaci\u00f3n los labios en un \u00faltimo esfuerzo, lleno de presunci\u00f3n y de fe, por devolverte al mundo que te habr\u00e1 relegado. Yo me sentir\u00e9 herido en mi propia vida, y considerar\u00e9 mi historia partida en dos por ese momento tuyo definitivo. Yo cerrar\u00e9 tus reacios y sorprendidos ojos con mano amiga, y velar\u00e9 tu cad\u00e1ver emblanquecido y mutante durante toda la noche y la in\u00fatil aurora que no te habr\u00e1 conocido. Yo retirar\u00e9 tu almohada, yo tus s\u00e1banas humedecidas. Yo, incapaz de concebir <\/p>\n","protected":false},"author":1,"featured_media":0,"comment_status":"open","ping_status":"open","sticky":false,"template":"","format":"standard","meta":{"_jetpack_memberships_contains_paid_content":false,"footnotes":""},"categories":[1],"tags":[],"class_list":["post-11299","post","type-post","status-publish","format-standard","hentry","category-sin-categoria"],"jetpack_featured_media_url":"","jetpack_sharing_enabled":true,"_links":{"self":[{"href":"https:\/\/joseluispineda.es\/index.php\/wp-json\/wp\/v2\/posts\/11299","targetHints":{"allow":["GET"]}}],"collection":[{"href":"https:\/\/joseluispineda.es\/index.php\/wp-json\/wp\/v2\/posts"}],"about":[{"href":"https:\/\/joseluispineda.es\/index.php\/wp-json\/wp\/v2\/types\/post"}],"author":[{"embeddable":true,"href":"https:\/\/joseluispineda.es\/index.php\/wp-json\/wp\/v2\/users\/1"}],"replies":[{"embeddable":true,"href":"https:\/\/joseluispineda.es\/index.php\/wp-json\/wp\/v2\/comments?post=11299"}],"version-history":[{"count":1,"href":"https:\/\/joseluispineda.es\/index.php\/wp-json\/wp\/v2\/posts\/11299\/revisions"}],"predecessor-version":[{"id":11300,"href":"https:\/\/joseluispineda.es\/index.php\/wp-json\/wp\/v2\/posts\/11299\/revisions\/11300"}],"wp:attachment":[{"href":"https:\/\/joseluispineda.es\/index.php\/wp-json\/wp\/v2\/media?parent=11299"}],"wp:term":[{"taxonomy":"category","embeddable":true,"href":"https:\/\/joseluispineda.es\/index.php\/wp-json\/wp\/v2\/categories?post=11299"},{"taxonomy":"post_tag","embeddable":true,"href":"https:\/\/joseluispineda.es\/index.php\/wp-json\/wp\/v2\/tags?post=11299"}],"curies":[{"name":"wp","href":"https:\/\/api.w.org\/{rel}","templated":true}]}}