{"id":1636,"date":"2015-03-30T21:35:07","date_gmt":"2015-03-30T21:35:07","guid":{"rendered":"http:\/\/loslibrosquehayenmi.com\/?p=1636"},"modified":"2021-04-07T22:05:12","modified_gmt":"2021-04-07T22:05:12","slug":"la-gente-cree-que-por-tener-dinero-puede-mandar-en-ti","status":"publish","type":"post","link":"https:\/\/joseluispineda.es\/index.php\/2015\/03\/30\/la-gente-cree-que-por-tener-dinero-puede-mandar-en-ti\/","title":{"rendered":"\u00abLa gente cree que por tener dinero puede mandar en ti\u00bb"},"content":{"rendered":"\n<figure class=\"wp-block-embed is-type-video is-provider-youtube wp-block-embed-youtube wp-embed-aspect-16-9 wp-has-aspect-ratio\"><div class=\"wp-block-embed__wrapper\">\n<div class=\"flex-video\"><iframe loading=\"lazy\" title=\"Entrevista a Tiago Manuel Dias Correia &quot;Beb\u00e9&quot;\" width=\"667\" height=\"375\" src=\"https:\/\/www.youtube.com\/embed\/OksEylqGF4Q?feature=oembed\" frameborder=\"0\" allow=\"accelerometer; autoplay; clipboard-write; encrypted-media; gyroscope; picture-in-picture\" allowfullscreen><\/iframe><\/div>\n<\/div><\/figure>\n\n\n<p><em><strong>Tiago Manuel Dias Correia<\/strong> <\/em>(Lisboa, 12\/07\/1990) sale sin prisas de los entrenamientos. En un <a href=\"http:\/\/www.cordobadeporte.com\/cordoba-cf\/el-equipo-necesitaba-un-giro-radical-romero-empezo-cambiar-algunas-cosas#\" rel=\"nofollow\">mundo<\/a> en el que los jugadores llegan tarde, nunca tienen tiempo, siempre encuentran algo m\u00e1s importante que hacer, Beb\u00e9 conserva la calma con la que jugaba en las calles de Lisboa. Entrega un par de botas a un ni\u00f1o y le dedica una sonrisa porque sabe que no hay cosa m\u00e1s importante que dedicarle un poquito de nosotros a los m\u00e1s peque\u00f1os. Una mirada triste que trasluce una infancia de silencios, de l\u00e1grimas enterradas con el tiempo. Una de esas maravillosas historias en las que la vida reconduce el cauce de un r\u00edo desbocado, y nos ense\u00f1a a todos que existe la esperanza, que las cosas no son siempre como vienen dadas, que pese a que la partida venga con las cartas marcadas todav\u00eda hay quien es capaz de cambiar el curso de su propia vida.<\/p>\n<p><strong>\u00bfTiago o Beb\u00e9?<\/strong><br>Me da igual. Es lo mismo.<\/p>\n<p><strong>La historia de su vida comienza a los doce a\u00f1os en <a href=\"http:\/\/www.cordobadeporte.com\/cordoba-cf\/el-equipo-necesitaba-un-giro-radical-romero-empezo-cambiar-algunas-cosas#\" rel=\"nofollow\">Casa<\/a> do Gaiato, un lugar de acogida para ni\u00f1os sin hogar<\/strong><br>Es la parte m\u00e1s <a href=\"http:\/\/www.cordobadeporte.com\/cordoba-cf\/el-equipo-necesitaba-un-giro-radical-romero-empezo-cambiar-algunas-cosas#\" rel=\"nofollow\">importante<\/a> de mi vida. Todo lo que soy ahora lo aprend\u00ed all\u00ed. Estoy agradecido porque cuando llegu\u00e9 no ten\u00eda nada, s\u00f3lo dificultades, y me encontr\u00e9 con una segunda familia que me acogi\u00f3 y me dio todo lo que necesitaba. Para m\u00ed es un ejemplo de vida y por eso siempre me siento obligado a regresar. Recuerdo lo que pas\u00e9 porque siento que es una experiencia que no podr\u00e9 olvidar nunca, y por eso siempre que voy a Lisboa voy a ver a mis amigos. Son mis hermanos, mi familia.<\/p>\n<p><strong>\u00bfC\u00f3mo era su vida antes de llegar <a href=\"http:\/\/www.cordobadeporte.com\/cordoba-cf\/el-equipo-necesitaba-un-giro-radical-romero-empezo-cambiar-algunas-cosas#\" rel=\"nofollow\">all\u00ed<\/a>?<\/strong><br>Mi pap\u00e1 y mi mam\u00e1 no cuidaron de nosotros. Yo era un ni\u00f1o travieso, me portaba un poco mal. No era <a href=\"http:\/\/www.cordobadeporte.com\/cordoba-cf\/el-equipo-necesitaba-un-giro-radical-romero-empezo-cambiar-algunas-cosas#\" rel=\"nofollow\">f\u00e1cil<\/a> vivir donde viv\u00eda, pero tengo que decir que nunca pas\u00e9 hambre. En mi casa faltaban muchas cosas pero hambre no pas\u00e1bamos. Ellos sab\u00edan que all\u00ed yo iba a terminar mal y por eso buscaron un sitio para m\u00ed donde pudiera crecer mejor. Me llevaron a Casa do Gaiato y ah\u00ed comienza todo.<\/p>\n<p><strong>\u00bfMantiene contacto con su familia?<\/strong><br>S\u00ed. Quien siempre cuid\u00f3 de m\u00ed fue mi abuela. Para m\u00ed ella es \u00fanica. Hablo con ella a cada rato, antes de los partidos, despu\u00e9s, siempre que necesito algo. Cuando estoy triste, ella est\u00e1 ah\u00ed, es la n\u00famero uno.<\/p>\n<p><strong>\u00bfEs en Casa do Gaiato donde empieza a jugar al f\u00fatbol?<\/strong><br>S\u00ed, pero no desde siempre. No durante los primeros dos a\u00f1os. Al principio estaba mal visto, parec\u00eda que jugar al f\u00fatbol era perder el tiempo, una cosa de burros. Hab\u00eda que trabajar, que estudiar. Pero ya despu\u00e9s s\u00ed, jugaba todo el tiempo, en la calle, en la escuela, de camino a la escuela&#8230;<\/p>\n<p><img loading=\"lazy\" decoding=\"async\" class=\"media-element file-imagen-contenido- img-responsive\" title=\"El encuentro. Jos\u00e9 Luis Pineda departiendo con Beb\u00e9 con la c\u00e1mara de Cordobadeporte grabando el momento\" src=\"http:\/\/mail.160grados.com\/sites\/default\/files\/styles\/imagen_articulo\/public\/imagenesmedia\/futbol\/cordoba_cf\/2014-2015\/entrevistas\/apimar.jpg?itok=4CKKo47y\" alt=\"El encuentro. Jos\u00e9 Luis Pineda departiendo con Beb\u00e9 con la c\u00e1mara de Cordobadeporte grabando el momento\" width=\"630\" height=\"515\"><\/p>\n<p><strong>La copa del mundo para gente de la calle (Homeless World Cup) fue la competici\u00f3n que en cierta forma a usted le cambi\u00f3 la vida, pero, \u00bfc\u00f3mo lleg\u00f3 all\u00ed?<\/strong><br>En cada pa\u00eds se reclutaba gente de sitios como Casa do Gaiato. Llegaron y necesitaban cuatro chicas y cuatro chicos y como yo estaba port\u00e1ndome bien, me eligieron para ir. Quedamos segundos, perdimos contra Eslovenia o un equipo as\u00ed. Hice cuarenta goles en seis partidos y cuando regres\u00e9 a Portugal la gente empez\u00f3 a fijarse m\u00e1s. Fue entonces cuando vino Guimaraes, pero yo no quer\u00eda saber nada.<\/p>\n<p><strong>\u00bfNo le interesaba ser futbolista profesional?<\/strong><br>No. No lo necesitaba, yo estaba bien en Casa do Gaiato. Guimaraes ven\u00eda y quer\u00edan que me fuera. Vinieron, una vez, dos veces, tres veces. Pero yo no quer\u00eda saber nada, yo quer\u00eda quedarme en aquel lugar que era mi hogar.<\/p>\n<p><strong>\u00bfTe daba miedo salir de all\u00ed?<\/strong><br>S\u00ed, mucho miedo. Yo me sent\u00eda seguro all\u00ed, ten\u00eda lo que precisaba. Todo el mundo me dec\u00eda que ten\u00eda que ir, que no pod\u00eda desaprovechar esa oportunidad. Mis amigos, la gente de Gaiato, trataban de convencerme. Entonces dej\u00e9 pasar un tiempo y al final dije: \u00abEst\u00e1 bien, voy a probar\u00bb. Pero durante mucho tiempo, incluso despu\u00e9s de estar en Manchester, no compr\u00e9 casa ni nada, siempre que regresaba iba a Casa do Gaiato.<\/p>\n<p><strong>Estuvo a punto de desaprovechar la oportunidad de vivir del f\u00fatbol por no atreverse a salir.<\/strong><br>S\u00ed, yo estaba all\u00ed desde que era un ni\u00f1o y aquel lugar era todo para m\u00ed. Para m\u00ed el f\u00fatbol era un juego, nada m\u00e1s, no ten\u00eda idea de que pod\u00eda ganar mucho dinero, ni nada. Lo que yo quer\u00eda era estudiar, jugar, tener a mi gente cerca de m\u00ed. Cuando estaba dentro era todo f\u00e1cil y fuera era un mundo muy complicado. Conoces a la gente falsa, a la gente que enga\u00f1a. Yo sab\u00eda que all\u00ed estaba en casa, nada de eso exist\u00eda, me sent\u00eda protegido.<\/p>\n<p><strong>Finalmente va al Vitoria de Guimaraes y su paso por all\u00ed es ef\u00edmero, ni siquiera llega a empezar la liga.<\/strong><br>As\u00ed es. Dos meses, seis partidos. Hasta ese momento yo era muy ni\u00f1o y no me ten\u00edan muy en cuenta, pero cuando llegu\u00e9 a Guimaraes comenc\u00e9 a entrenar con el m\u00edster, Manuel Machado, y volaba. Me iba de todos, hac\u00eda muchos goles, la gente se empez\u00f3 a fijar de verdad y ah\u00ed fue cuando mi representante, Jorge Mendes, me envi\u00f3 hacia Manchester.<\/p>\n<p><strong>Jorge Mendes es probablemente el hombre m\u00e1s poderoso del f\u00fatbol actual. \u00bfC\u00f3mo le conoce? \u00bfC\u00f3mo es la primera vez que se encuentra con \u00e9l?<\/strong><br>Un d\u00eda despu\u00e9s de un entrenamiento \u00e9l mand\u00f3 dos personas de su empresa, para decirme que Jorge Mendes quer\u00eda firmar un contrato conmigo. Yo sab\u00eda qui\u00e9n era, pero tampoco le daba mucha importancia. Pero un d\u00eda el presidente de Guimaraes me dijo que cuando acabase el entrenamiento \u00edbamos a ir a un sitio. Llegamos a una casa que yo ya sab\u00eda que era la de Jorge Mendes, porque es muy conocida, y entonces me dijo que ten\u00eda varios equipos que quer\u00edan contar conmigo pero que \u00e9l ya hab\u00eda escogido un equipo para m\u00ed: el Manchester. Ser\u00e1n cinco a\u00f1os, vas a recibir esto, tal, \u00bfquieres? Y firm\u00e9.<\/p>\n<p><strong>Parece un cuento de hadas.<\/strong><\/p>\n<p>O una broma. Durante una semana entera estuve pensando que estaban bromeando conmigo. Incluso todav\u00eda a veces lo pienso.<\/p>\n<p><strong>En dos meses pas\u00f3 de Casa do Gaiato a Old Trafford. \u00bfC\u00f3mo puede digerirse eso?<\/strong><br>Mal. Llegu\u00e9 solo, no ten\u00eda experiencia, yo hab\u00eda jugado por hobby en un equipo de Tercera y pas\u00e9 a un equipo de primera en el que estuve dos meses. Y de repente estaba en un equipo rodeado de cracks. Mi cabeza no estaba all\u00ed, echaba de menos a mi familia, mis amigos&#8230; Nada de eso me ayud\u00f3.<\/p>\n<p><strong>\u00bfNo le arroparon los portugueses que ya hab\u00eda en el United: Nani, Anderson\u2026?<\/strong><br>S\u00ed, pero aquello es otro mundo. Yo estaba muy perdido. Creo que fue demasiado r\u00e1pido. Me hubiera venido mejor estar un a\u00f1o en Guimaraes y haber ido luego.<\/p>\n<p><strong>\u00bfLe dej\u00f3 Sir Alex Ferguson alguna ense\u00f1anza que no haya olvidado?<\/strong><br>Era un entrenador muy cercano. Hablaba mucho conmigo, me explicaba por qu\u00e9 no jugaba. Me dijo que si ten\u00eda la cabeza donde la ten\u00eda que tener, alg\u00fan d\u00eda llegar\u00eda a marcar veinte goles por temporada.<\/p>\n<p><strong>El United lo cede al Besiktas<\/strong>.<br>S\u00ed, y estaba muy bien all\u00ed, pero vine con la selecci\u00f3n (sub21), me lesion\u00e9 en la rodilla y estuve un a\u00f1o parado.<\/p>\n<p><strong>Despu\u00e9s vinieron las cesiones a R\u00edo Ave y Pa\u00e7os de Ferreira<\/strong>.<br>S\u00ed, en Pa\u00e7os, la temporada pasada, estaba Costinha (ex del Atl\u00e9tico de Madrid) y estuve muy bien, me sent\u00ed muy c\u00f3modo. Hice catorce goles y estuve a punto de ir al Mundial. Me qued\u00e9 fuera por muy poco.<\/p>\n<p><strong>Gracias a eso el Benfica compra su pase al Manchester United<\/strong><br>Para m\u00ed es un sue\u00f1o, porque es el equipo del que soy hincha desde peque\u00f1o. Soy benfiquista y nunca pens\u00e9 que podr\u00eda vestir esa camiseta. Cuando llegu\u00e9 ganamos la Superta\u00e7a, una cosa impresionante. Pero el entrenador no cont\u00f3 mucho conmigo y quer\u00eda salir cedido porque necesitaba jugar m\u00e1s.<\/p>\n<p><strong>Y entonces aparece el C\u00f3rdoba CF<\/strong><br>Tuve la oportunidad de venir al C\u00f3rdoba o ir a Elche, pero las cosas aqu\u00ed se resolvieron antes y no quer\u00eda esperar. Quer\u00eda jugar ya.<\/p>\n<p><strong>\u00bfC\u00f3mo es su relaci\u00f3n con la ciudad?<\/strong><br>Estoy muy bien, es un lugar muy tranquilo. Vivo aqu\u00ed con un amigo que me acompa\u00f1a desde hace mucho tiempo. Mi novia se qued\u00f3 en Lisboa porque trabaja all\u00ed. Tampoco puedo contar mucho porque no soy una persona de mucho salir, suelo estar en casa.<\/p>\n<p><strong>Comprender\u00e1 que despu\u00e9s de aquella salida nocturna que termin\u00f3 en expediente la gente tenga otra imagen de usted.<\/strong><br>Son cosas que suceden. Yo s\u00e9 que no era el momento para salir. Pero fue una vez. Me arrepiento porque estamos en una situaci\u00f3n mala y la gente puede pensar que a m\u00ed me da igual, pero no es as\u00ed. La gente puede pensar que yo soy del Benfica y que al final me voy a ir, que me da lo mismo, pero quiero aclarar que no es as\u00ed. Yo no quiero tener un descenso en mi curr\u00edculum. Yo estoy aqu\u00ed ahora y s\u00f3lo pienso en sacar esta situaci\u00f3n. Aquel d\u00eda sal\u00ed a comer para desconectar, para estar tranquilo, pero reconozco que despu\u00e9s fuimos al otro sitio. Fueron muchas horas y estuvo mal.<\/p>\n<div class=\"fluid-width-video-wrapper\"><strong>\u00bfC\u00f3mo fue su llegada al club?<\/strong><\/div>\n<p>Ya conoc\u00eda a Ghilas y Edimar de Portugal y eso me facilit\u00f3 la adaptaci\u00f3n. Es un club en el que es f\u00e1cil estar. El p\u00fablico aqu\u00ed es poco exigente, est\u00e1n siempre apoyando, luchando, siempre est\u00e1n con nosotros. Por eso pienso que esta gente no se merece bajar de divisi\u00f3n.<\/p>\n<p><strong>Fue titular casi sin entrenar y el equipo gan\u00f3 en Vallecas. Eran los mejores momentos, pero llegaron m\u00e1s refuerzos. Creo que nadie se podr\u00eda imaginar que todo aquello derivar\u00eda en la situaci\u00f3n actua. \u00bfQu\u00e9 ha pasado?<\/strong><br>No tenemos suerte. No nos ayuda nada, tampoco los \u00e1rbitros. Pero creo que lo m\u00e1s importante, en mi opini\u00f3n, es que somos demasiado j\u00f3venes. Tendr\u00edamos que tener jugadores de m\u00e1s experiencia. Jugadores que sepan calmar cuando vas ganando uno a cero. Hemos jugado bien muchos partidos, marcamos y luego terminamos empatando o perdiendo. F\u00edjate en el Celta. Tiene un equipo bueno, est\u00e1 bien, est\u00e1 ah\u00ed, pero la experiencia es la que marca la diferencia.<\/p>\n<p><strong>\u00bfC\u00f3mo se encuentra un vestuario despu\u00e9s de perder nueve partidos consecutivos, de ser colista con s\u00f3lo dieciocho puntos?<\/strong><br>Mal. Pero tenemos que levantar la cabeza y pensar en el siguiente partido. Yo creo que no hay nada imposible, y creo que los dem\u00e1s tambi\u00e9n lo piensan.<\/p>\n<p><strong>Si lo hacen o no nunca lo vamos a saber, porque nadie se atrever\u00eda a decirlo, pero lo cierto es que con el panorama actual, \u00bfno le parece que cada vez cuesta m\u00e1s creerse ese discurso de que todav\u00eda es posible?<\/strong><br>S\u00ed, pero tenemos que andar todos para el mismo sitio, y as\u00ed podemos ganar a cualquiera. Pudimos ganarle al Real Madrid, \u00bfpor qu\u00e9 no vamos a ganarle al Atl\u00e9tico de Madrid? Despu\u00e9s tenemos Elche, Depor y Villarreal, que son equipos a los que se les puede ganar. Si consigues dos victorias seguidas est\u00e1s ah\u00ed porque los rivales est\u00e1n siempre perdiendo. Nosotros perdemos pero ellos tambi\u00e9n pierden. Te digo que creo que la mayor\u00eda piensa como yo, que lo podemos conseguir.<\/p>\n<p><strong>\u00bfNo ha visto a nadie bajar todav\u00eda los brazos?<\/strong><br>Est\u00e1 dif\u00edcil, pero yo no veo eso, al contrario, veo al equipo con confianza a pesar de haber perdido nueve partidos seguidos. No es f\u00e1cil eso, y sin embargo el equipo tiene ganas de trabajar, de superarse. Estamos siempre diciendo que vamos a ganar.<\/p>\n<p><strong>\u00bfQu\u00e9 tal con Romero? \u00bfLo prefiere a Dkukic?<\/strong><br>Me gusta el entrenador. No digo que me guste m\u00e1s, son diferentes. Yo jugaba con uno y juego con el otro. No puedo decir que me guste m\u00e1s uno u otro, son diferentes.<\/p>\n<p><strong>\u00bfCu\u00e1les son las diferencias?<\/strong><br>Djukic era m\u00e1s t\u00e1ctico. Romero trabaja m\u00e1s defensivamente para luego contragolpear. Estar todos juntos y atacar.<\/p>\n<p><strong>\u00bfSe hab\u00eda agotado el discurso de Djukic? \u00bfVino tarde el cambio?<\/strong><br>Pienso que el equipo necesitaba un cambio radical y creo que el nuevo entrenador empez\u00f3 a cambiar algunas cosas. Este entrenador habla mucho, y si lo est\u00e1s haciendo mal, habla contigo para decirte por qu\u00e9 lo est\u00e1s haciendo mal y creo que la gente est\u00e1 aprendiendo mucho con eso. El otro entrenador era m\u00e1s tranquilo, de otra forma.<\/p>\n<p><strong>\u00bfHa tra\u00eddo Romero una ilusi\u00f3n renovada?<\/strong><br>S\u00ed, creo que lo vive m\u00e1s. Se nota que tiene el C\u00f3rdoba en el coraz\u00f3n y eso lo transmite al grupo. Habla mucho.<\/p>\n<p><img loading=\"lazy\" decoding=\"async\" class=\"media-element file-imagen-contenido- img-responsive\" title=\"Beb\u00e9 se\u00f1alando una acci\u00f3n a realizar con el bal\u00f3n medicinal\" src=\"http:\/\/mail.160grados.com\/sites\/default\/files\/styles\/imagen_articulo\/public\/imagenesmedia\/futbol\/cordoba_cf\/2014-2015\/entrenamientos\/abeb.jpg?itok=-GuAMiO2\" alt=\"Beb\u00e9 se\u00f1alando una acci\u00f3n a realizar con el bal\u00f3n medicinal\" width=\"630\" height=\"515\"><\/p>\n<p><strong>\u00bfC\u00f3mo lleva el apartado de gesti\u00f3n mental?<\/strong><br>Trabaja mucho ese aspecto. Intenta meterse aqu\u00ed (se\u00f1ala las sienes). Est\u00e1 siempre hablando, siempre, siempre. Intenta meterse aqu\u00ed.<\/p>\n<p><strong>A nivel personal, \u00bfc\u00f3mo se siente?<\/strong><br>Yo estoy dando todo. A veces me vengo abajo cuando veo que hemos perdido nueve partidos porque yo no quiero perder. Me falta un gol para conseguir m\u00e1s confianza. Estoy con la ansiedad de no haber marcado. Seguro que en cuanto marque tendr\u00e9 mucha m\u00e1s.<\/p>\n<p><strong>Pero cuando esto acabe, usted volver\u00e1 a Lisboa.<\/strong><br>Volver\u00e9 y veremos c\u00f3mo est\u00e1n las cosas. Si el entrenador no cuenta conmigo me volver\u00e9 a marchar porque yo quiero divertirme y un equipo en el que poder jugar.<\/p>\n<p><strong>\u00bfCree que habr\u00e1 dejado la suficiente huella como para seguir jugando, en el C\u00f3rdoba o no, en la Primera Divisi\u00f3n espa\u00f1ola?<\/strong><br>Pienso que s\u00ed, que podr\u00e9 encontrarlo. Creo que s\u00ed estoy demostrando que puedo estar aqu\u00ed.<\/p>\n<p><strong>Antes hizo referencia a que la gente pod\u00eda pensar que por su condici\u00f3n de cedido le daba igual lo que sucediera. Ya aclar\u00f3 que no, pero el problema es que hay catorce jugadores m\u00e1s en la plantilla en esa situaci\u00f3n contractual de pertenecer a otro club. \u00bfCree que eso afecta negativamente?<\/strong><br>Espero que ellos no piensen as\u00ed porque si el C\u00f3rdoba va a Segunda nuestro valor bajar\u00e1. Todos tienen que demostrar cada d\u00eda lo que son y ser mejores aqu\u00ed.<\/p>\n<p><strong>\u00bfHay alg\u00fan jugador en la plantilla que le haya sorprendido por alg\u00fan motivo?<\/strong><br>Fede Cartabia. Es un jugador con unas caracter\u00edsticas incre\u00edbles. Para m\u00ed, si su cabeza quiere, es un jugador top.<\/p>\n<p><strong>\u00bfY qu\u00e9 le pasa entonces?<\/strong><br>No lo entiendo. Tiene mucha calidad. \u00c9l tiene que cambiar, depende de \u00e9l. Porque si quiere, es el mejor. \u00c9l lo sabe. Es un jugador, que de verdad, no s\u00e9 por qu\u00e9 est\u00e1 aqu\u00ed en C\u00f3rdoba. Pero tiene que querer, tiene que querer la pelota, tenerla, hacer la diferencia, porque es el mejor.<\/p>\n<p><strong>\u00bfQu\u00e9 queda del Beb\u00e9 que lleg\u00f3 con doce a\u00f1os a Casa do Gaiato?<\/strong><br>Queda todo. El que me conoce sabe que desde all\u00ed hasta aqu\u00ed soy el mismo. Sigo teniendo a la misma gente alrededor, mi familia, mis amigos, las mismas cosas que me hac\u00edan feliz entonces son las que me hacen ahora. Es todo igual. Ni tiro ni meto. La \u00fanica diferencia es el dinero, pero el dinero sirve para lo que sirve. La gente cree que por tener dinero puede mandar en ti, pero eso no es as\u00ed, hay que respetar. Porque yo puedo tener dinero ahora, pero, \u00bfy si se acaba? \u00bfqu\u00e9 hago entonces con toda la gente que he tratado mal? Soy el mismo que antes y trato a la gente de la misma manera. Mi abuela me ense\u00f1\u00f3 a hacerlo as\u00ed.<\/p>\n<p><\/p>\n<p>Publicado en <a href=\"http:\/\/www.cordobadeporte.com\/cordoba-cf\/el-equipo-necesitaba-un-giro-radical-romero-empezo-cambiar-algunas-cosas\" target=\"_blank\" rel=\"noopener\">Cordobadeporte<\/a> el 29\/03\/2015<\/p>","protected":false},"excerpt":{"rendered":"<p>Tiago Manuel Dias Correia (Lisboa, 12\/07\/1990) sale sin prisas de los entrenamientos. En un mundo en el que los jugadores llegan tarde, nunca tienen tiempo, siempre encuentran algo m\u00e1s importante que hacer, Beb\u00e9 conserva la calma con la que jugaba en las calles de Lisboa. Entrega un par de botas a un ni\u00f1o y le dedica una sonrisa porque sabe que no hay cosa m\u00e1s importante que dedicarle un poquito de nosotros a los m\u00e1s peque\u00f1os. Una mirada triste que trasluce una infancia de silencios, de l\u00e1grimas enterradas con el tiempo. Una de esas maravillosas historias en las que la <\/p>\n","protected":false},"author":1,"featured_media":1722,"comment_status":"open","ping_status":"open","sticky":false,"template":"","format":"standard","meta":{"_jetpack_memberships_contains_paid_content":false,"footnotes":""},"categories":[2],"tags":[3,4,5],"class_list":["post-1636","post","type-post","status-publish","format-standard","has-post-thumbnail","hentry","category-entrevista","tag-bebe","tag-cordoba-cf","tag-cordobadeporte","has_thumb"],"jetpack_featured_media_url":"https:\/\/joseluispineda.es\/wp-content\/uploads\/2015\/03\/bebe.jpg","jetpack_sharing_enabled":true,"_links":{"self":[{"href":"https:\/\/joseluispineda.es\/index.php\/wp-json\/wp\/v2\/posts\/1636","targetHints":{"allow":["GET"]}}],"collection":[{"href":"https:\/\/joseluispineda.es\/index.php\/wp-json\/wp\/v2\/posts"}],"about":[{"href":"https:\/\/joseluispineda.es\/index.php\/wp-json\/wp\/v2\/types\/post"}],"author":[{"embeddable":true,"href":"https:\/\/joseluispineda.es\/index.php\/wp-json\/wp\/v2\/users\/1"}],"replies":[{"embeddable":true,"href":"https:\/\/joseluispineda.es\/index.php\/wp-json\/wp\/v2\/comments?post=1636"}],"version-history":[{"count":2,"href":"https:\/\/joseluispineda.es\/index.php\/wp-json\/wp\/v2\/posts\/1636\/revisions"}],"predecessor-version":[{"id":1723,"href":"https:\/\/joseluispineda.es\/index.php\/wp-json\/wp\/v2\/posts\/1636\/revisions\/1723"}],"wp:featuredmedia":[{"embeddable":true,"href":"https:\/\/joseluispineda.es\/index.php\/wp-json\/wp\/v2\/media\/1722"}],"wp:attachment":[{"href":"https:\/\/joseluispineda.es\/index.php\/wp-json\/wp\/v2\/media?parent=1636"}],"wp:term":[{"taxonomy":"category","embeddable":true,"href":"https:\/\/joseluispineda.es\/index.php\/wp-json\/wp\/v2\/categories?post=1636"},{"taxonomy":"post_tag","embeddable":true,"href":"https:\/\/joseluispineda.es\/index.php\/wp-json\/wp\/v2\/tags?post=1636"}],"curies":[{"name":"wp","href":"https:\/\/api.w.org\/{rel}","templated":true}]}}