{"id":5610,"date":"2016-11-15T06:49:13","date_gmt":"2016-11-15T05:49:13","guid":{"rendered":"http:\/\/www.lavidaenrojiblanco.com\/?p=5610"},"modified":"2021-04-09T14:52:46","modified_gmt":"2021-04-09T14:52:46","slug":"fermin-bueno-volviste","status":"publish","type":"post","link":"https:\/\/joseluispineda.es\/index.php\/2016\/11\/15\/fermin-bueno-volviste\/","title":{"rendered":"Ferm\u00edn, que bueno que volviste"},"content":{"rendered":"<p>El uno de octubre por la tarde, o, para que todos nos entendamos mejor, en la previa del d\u00eda del Valencia, a <strong>Ferm\u00edn<\/strong>, a sus ochenta y tres a\u00f1os, empez\u00f3 a sudarle todo el cuerpo de repente. Aquellos calores que estaban deviniendo en sofoco no le parec\u00edan muy normales as\u00ed que se asust\u00f3, y descolg\u00f3 el tel\u00e9fono para llamar a su hijo Juan Carlos, que acudi\u00f3 r\u00e1pido y afortunadamente, a tiempo. Al d\u00eda siguiente, o sea, el d\u00eda del Valencia, cuando por fin volvi\u00f3 en s\u00ed despu\u00e9s de la operaci\u00f3n, una vez que se hizo cargo de la situaci\u00f3n, lo primero que pregunt\u00f3 en aquella desangelada unidad de cuidados intensivos fue <strong>c\u00f3mo hab\u00eda quedado el Atleti.<\/strong><\/p>\n<p><strong>La historia de Ferm\u00edn es la historia de un hombre corriente, es decir, una historia extraordinaria.<\/strong> Su padre ten\u00eda el primer matadero de pollos de Madrid y \u00e9l, como casi toda la familia, trabaj\u00f3 desde muy temprano en el negocio familiar. Cuando ten\u00eda ocho a\u00f1os, <strong>el t\u00edo Maxi le hizo socio del Atleti<\/strong>. Podr\u00edamos decir que intervino el azar porque el t\u00edo Maxi era socio del Atleti y tambi\u00e9n del Madrid, hasta que un d\u00eda tuvo un problema en Chamart\u00edn y decidi\u00f3 no volver jam\u00e1s a ese estadio. Podr\u00edamos decir que s\u00ed, que intervino el azar para que Ferm\u00edn fuese socio del Atleti y no del Madrid, pero cuando uno conoce a Ferm\u00edn se da cuenta de que hay cosas que no suceden por casualidad: el t\u00edo Maxi tuvo aquel problema porque aquel ni\u00f1o no pod\u00eda ser de otro equipo que no fuese el Atl\u00e9tico de Madrid.<\/p>\n<p>Los sudores, el calor repentino, aquel sofoco que le hizo descolgar el tel\u00e9fono para llamar a su hijo result\u00f3 ser un infarto. Precisamente ahora, con ochenta y tres a\u00f1os, sentado en un sof\u00e1. Despu\u00e9s de haber aguantado<strong> Bruselas, Lisboa y Mil\u00e1n<\/strong>, despu\u00e9s de haber salido adelante, superando las duras y las muy duras, de haber sobrevivido a la ausencia inabarcable de Argi, despu\u00e9s de todo eso, la muerte amenaza as\u00ed, cuando est\u00e1s a solas, tranquilo y sin sobresaltos. La muerte acecha solitaria queri\u00e9ndose cobrar una v\u00edctima equivocada porque lo que la muerte no pod\u00eda saber es el tama\u00f1o y la fuerza del coraz\u00f3n de Ferm\u00edn. <strong>Un coraz\u00f3n rojiblanco, al que se necesita algo m\u00e1s que un vulgar infarto para poder doblegar.<\/strong> Operaci\u00f3n urgente, muelles, angustia detr\u00e1s de un cristal.<\/p>\n<p><strong>Ferm\u00edn se cri\u00f3 en el Metropolitano y puede contar la Historia de los cincuenta a\u00f1os del Calder\u00f3n.<\/strong> Conoci\u00f3 a <strong>Ben Barek, a Escudero, a Silva<\/strong>, que era el que m\u00e1s le gustaba. G\u00e1rate, y el negro Pereira y Luis, Luis parec\u00eda el amigo del barrio. <strong>Adelardo<\/strong>, el Pechuga, <strong>Navarro<\/strong>, habla de ellos como si los hubiera criado a todos. Ferm\u00edn fue hasta Bruselas en un autob\u00fas, y se volvi\u00f3 con aquel sabor amargo, intuyendo ya la desgracia que vendr\u00eda en el partido del desempate. No pod\u00eda ni imaginar que cuarenta a\u00f1os despu\u00e9s la historia le volviese a regalar aquella crueldad de nuevo, m\u00e1s sofisticada y dolorosa. <strong>A Lisboa lo llev\u00f3 su hijo Juan Carlos<\/strong>, al que \u00e9l hizo del Atleti cuando desde muy peque\u00f1o lo acompa\u00f1aba al Calder\u00f3n junto al se\u00f1or Mazas. Fueron tambi\u00e9n por carretera y Ferm\u00edn contaba a todo el mundo qu\u00e9 \u00e9l estuvo en Bruselas y que con ochenta a\u00f1os que ten\u00eda, ya era hora de ajustar aquella cuenta. Pero no se ajust\u00f3. Y lleg\u00f3 Mil\u00e1n, y su hijo, Juan Carlos, lo volvi\u00f3 a llevar, s\u00ed, tambi\u00e9n por carretera, y en aquel almuerzo de spaguettis e ilusiones \u00e9l segu\u00eda manteniendo el optimismo diciendo que habr\u00eda que ganar, porque ya no sab\u00eda si iba a poder venir a la pr\u00f3xima.<\/p>\n<div id=\"attachment_5613\" style=\"width: 778px\" class=\"wp-caption aligncenter\"><img loading=\"lazy\" decoding=\"async\" aria-describedby=\"caption-attachment-5613\" class=\"size-large wp-image-5613\" src=\"http:\/\/www.lavidaenrojiblanco.com\/wp-content\/uploads\/2016\/11\/WhatsApp-Image-2016-10-31-at-10.07.52-768x1024.jpeg\" alt=\"Ferm\u00edn antes de entrar en San Siro en la final de la Champions\" width=\"768\" height=\"1024\" \/><p id=\"caption-attachment-5613\" class=\"wp-caption-text\">Ferm\u00edn antes de entrar en San Siro en la final de la Champions<\/p><\/div>\n<p><em>\u201c\u00bfNo me entiendes?\u201d<\/em> es la manera en la que Ferm\u00edn termina de contarte algo. Pues claro que te entendemos Ferm\u00edn, te entendemos mucho mejor de lo que nadie se puede imaginar.<\/p>\n<p>Detr\u00e1s del cristal su hijo Juan Carlos lo mira y sabe que su padre sonr\u00ede porque el Atleti ha ganado en <strong>Mestalla<\/strong> y piensa en que menos mal que no vio los penaltis fallados y la tensi\u00f3n del partido y se emociona cuando calibra lo ha venido a ocurrir. Cuando se da cuenta de que todos los momentos m\u00e1gicos del <strong>Atleti<\/strong>, que viene ser a lo mismo que todos los momentos m\u00e1gicos de la vida, los ha vivido junto a su padre. Las decepciones: aquel descenso, aquellos tristes a\u00f1os sin ganarle al Madrid, Barcelona, Lisboa, Mil\u00e1n pero tambi\u00e9n los \u00e9xitos, las Copas ganadas, el doblete para la Historia, Hamburgo, Bucarest. En todos y cada uno de esos lugares hay amigos que van y vienen pero siempre hay al lado un hombre bajito y mayor, con gafas redondas y andar pausado. Ferm\u00edn, su padre, que sonr\u00ede tras los cristales de la UCI porque sabe que el <strong>Atleti, como \u00e9l, ha vuelto a ganar el partido.<\/strong><\/p>\n<p>Cuando nos encontramos perdidos, Ferm\u00edn es el hombre que tiene la respuesta:<br \/>\n<em>\u201c\u00bfNo me entiendes?\u201d<\/em>, pues claro que s\u00ed Ferm\u00edn<\/p>\n<p>Cuando dudamos del cambio de estadio:<br \/>\n<em>\u201cSi ya nos cambiamos del Metropolitano y antes se hab\u00edan cambiado otra vez, no pasa nada, adem\u00e1s est\u00e1 muy cerca de casa de Juan Carlos, \u00bfno me entiendes?\u201d<\/em><\/p>\n<p>Cuando nos tiramos tantos a\u00f1os sin ganarle al Madrid y aquellas previas parec\u00edan un sepelio y le pregunt\u00e1bamos por qu\u00e9:<br \/>\n<em>\u201cPues por qu\u00e9 son unos sinverg\u00fcenzas, \u00bfno me entiendes?\u201d<\/em> pero sinverg\u00fcenzas qui\u00e9nes Ferm\u00edn, los jugadores, el entrenador, los directivos \u2026 <em>\u201cpues todos\u201d<\/em><\/p>\n<p><strong>A Ferm\u00edn nadie lo podr\u00eda quitar del Atleti<\/strong> pero el a\u00f1o de la liga de Cabeza, \u00e9l no pudo renovar su carnet de socio: ten\u00eda el n\u00famero 787. La poller\u00eda no daba para m\u00e1s y hab\u00eda tres ni\u00f1os que alimentar y a Ferm\u00edn, que estuvo en Bruselas, y despu\u00e9s en Lisboa, y tambi\u00e9n en Mil\u00e1n, y en todos esos rec\u00f3nditos lugares donde se forja la Historia de este club a golpe de desenga\u00f1os, tuvo que digerir el m\u00e1s grande de todos, que fue la derrota de no poder pagar su carnet y tener que espaciar las visitas a ese estadio que tambi\u00e9n era su casa. Eran tiempos duros donde no hab\u00eda lugar para sentimentalismos ni nostalgia. Aquella pena la enjuag\u00f3 Ferm\u00edn el d\u00eda que m\u00e1s falta le hac\u00eda, que fue cuando el Atl\u00e9tico baj\u00f3 a Segunda y junto a su hijo decidieron que ya estaba bien, que se hab\u00eda terminado. Desde ese momento, \u00e9l, su hijo Juan Carlos y el Atleti fueron juntos a todos los sitios importantes, que como ustedes saben son los cotidianos.<\/p>\n<div id=\"attachment_5614\" style=\"width: 848px\" class=\"wp-caption aligncenter\"><img loading=\"lazy\" decoding=\"async\" aria-describedby=\"caption-attachment-5614\" class=\"size-large wp-image-5614\" src=\"http:\/\/www.lavidaenrojiblanco.com\/wp-content\/uploads\/2016\/11\/542-1024x765.jpg\" alt=\"Ferm\u00edn celebrando en Neptuno junto a su hijo Juan Carlos.\" width=\"838\" height=\"626\" \/><p id=\"caption-attachment-5614\" class=\"wp-caption-text\">Ferm\u00edn celebrando en Neptuno junto a su hijo Juan Carlos.<\/p><\/div>\n<p>Ferm\u00edn ha estado en muchos sitios viendo al Atl\u00e9tico de Madrid. <strong>En todos menos en uno: el Santiago Bernab\u00e9u<\/strong>. No se sabe muy bien si por respeto a esa c\u00e1bala del t\u00edo Maxi que hizo que \u00e9l fuese del Atleti o tal vez por ser coherente con la animadversi\u00f3n que le produce el equipo que regenta ese estadio. El caso es que un d\u00eda decidi\u00f3 que no pisar\u00eda ese lugar y es algo que nadie va a poder cambiar. Pero por qu\u00e9 Ferm\u00edn, si ahora les ganamos. Ferm\u00edn, es la Final, hay que ir.<\/p>\n<p><em>\u201cSi no he ido ya no voy a ir ahora, \u00bfno me entiendes?\u201d<\/em><\/p>\n<p>Al abandonar el hospital, el m\u00e9dico le ha dicho que la cosa ha sido seria, que su coraz\u00f3n es fuerte y ha resistido, pero que hay que tomarse las cosas con calma y no sobresaltarse. \u00c9l mira de reojo a Juan Carlos y cuando salen de la consulta le pregunta si el domingo vuelven al Calder\u00f3n. <strong>Su hijo, todav\u00eda asustado por lo que ha pasado, le recuerda lo que le ha dicho el m\u00e9dico<\/strong> y Ferm\u00edn, con esa sabidur\u00eda que a todos nos ha guiado siempre le dice:<\/p>\n<p><em>\u201cSi de todas formas lo voy a ver en la tele, pues mejor ser\u00e1 verlo all\u00ed, \u00bfno me entiendes?\u201d<\/em><\/p>\n<p>El Atleti lo recibi\u00f3 con un peque\u00f1o susto para adaptar el coraz\u00f3n y con cuatro goles preciosos para derrotar al M\u00e1laga.<\/p>\n<p><strong>Ferm\u00edn, que bueno que volviste.<\/strong><\/p>\n","protected":false},"excerpt":{"rendered":"<p>El uno de octubre por la tarde, o, para que todos nos entendamos mejor, en la previa del d\u00eda del Valencia, a Ferm\u00edn, a sus ochenta y tres a\u00f1os, empez\u00f3 a sudarle todo el cuerpo de repente. Aquellos calores que estaban deviniendo en sofoco no le parec\u00edan muy normales as\u00ed que se asust\u00f3, y descolg\u00f3 el tel\u00e9fono para llamar a su hijo Juan Carlos, que acudi\u00f3 r\u00e1pido y afortunadamente, a tiempo. Al d\u00eda siguiente, o sea, el d\u00eda del Valencia, cuando por fin volvi\u00f3 en s\u00ed despu\u00e9s de la operaci\u00f3n, una vez que se hizo cargo de la situaci\u00f3n, lo <\/p>\n","protected":false},"author":1,"featured_media":11260,"comment_status":"open","ping_status":"open","sticky":false,"template":"","format":"standard","meta":{"_jetpack_memberships_contains_paid_content":false,"footnotes":""},"categories":[7],"tags":[35,18],"class_list":["post-5610","post","type-post","status-publish","format-standard","has-post-thumbnail","hentry","category-reportajes","tag-35","tag-atleti","has_thumb"],"jetpack_featured_media_url":"https:\/\/joseluispineda.es\/wp-content\/uploads\/2021\/04\/fer.jpeg","jetpack_sharing_enabled":true,"_links":{"self":[{"href":"https:\/\/joseluispineda.es\/index.php\/wp-json\/wp\/v2\/posts\/5610","targetHints":{"allow":["GET"]}}],"collection":[{"href":"https:\/\/joseluispineda.es\/index.php\/wp-json\/wp\/v2\/posts"}],"about":[{"href":"https:\/\/joseluispineda.es\/index.php\/wp-json\/wp\/v2\/types\/post"}],"author":[{"embeddable":true,"href":"https:\/\/joseluispineda.es\/index.php\/wp-json\/wp\/v2\/users\/1"}],"replies":[{"embeddable":true,"href":"https:\/\/joseluispineda.es\/index.php\/wp-json\/wp\/v2\/comments?post=5610"}],"version-history":[{"count":1,"href":"https:\/\/joseluispineda.es\/index.php\/wp-json\/wp\/v2\/posts\/5610\/revisions"}],"predecessor-version":[{"id":11261,"href":"https:\/\/joseluispineda.es\/index.php\/wp-json\/wp\/v2\/posts\/5610\/revisions\/11261"}],"wp:featuredmedia":[{"embeddable":true,"href":"https:\/\/joseluispineda.es\/index.php\/wp-json\/wp\/v2\/media\/11260"}],"wp:attachment":[{"href":"https:\/\/joseluispineda.es\/index.php\/wp-json\/wp\/v2\/media?parent=5610"}],"wp:term":[{"taxonomy":"category","embeddable":true,"href":"https:\/\/joseluispineda.es\/index.php\/wp-json\/wp\/v2\/categories?post=5610"},{"taxonomy":"post_tag","embeddable":true,"href":"https:\/\/joseluispineda.es\/index.php\/wp-json\/wp\/v2\/tags?post=5610"}],"curies":[{"name":"wp","href":"https:\/\/api.w.org\/{rel}","templated":true}]}}